{"id":703,"date":"2025-12-05T00:55:51","date_gmt":"2025-12-05T00:55:51","guid":{"rendered":"https:\/\/gerenciadeportiva.com.ar\/?p=703"},"modified":"2025-12-05T01:18:44","modified_gmt":"2025-12-05T01:18:44","slug":"charla-abierta-y-gratuita-planificacion-para-el-crecimiento-de-los-clubes","status":"publish","type":"post","link":"https:\/\/gerenciadeportiva.com.ar\/index.php\/2025\/12\/05\/charla-abierta-y-gratuita-planificacion-para-el-crecimiento-de-los-clubes\/","title":{"rendered":"Charla Abierta y Gratuita: \u201cPlanificaci\u00f3n para el Crecimiento de los Clubes\u201d"},"content":{"rendered":"\n<p>En un contexto donde las instituciones deportivas enfrentan desaf\u00edos cada vez m\u00e1s complejos, la <strong>planificaci\u00f3n estrat\u00e9gica<\/strong> se vuelve una herramienta indispensable para asegurar crecimiento, sostenibilidad y buena gobernanza. Sin embargo, la realidad cotidiana muestra que muchas organizaciones contin\u00faan gestion\u00e1ndose desde la urgencia, resolviendo problemas \u201ccomo se puede\u201d y dependiendo excesivamente de la buena voluntad de dirigentes con tiempos limitados.<\/p>\n\n\n\n<p>La improvisaci\u00f3n \u2014que hist\u00f3ricamente acompa\u00f1\u00f3 a gran parte del asociativismo deportivo argentino\u2014 hoy ya no alcanza. Espacios mal dise\u00f1ados, actividades dif\u00edciles de sostener en el tiempo y hasta clubes que desaparecieron son ejemplos concretos de lo que sucede cuando no existe un proyecto claro y una gesti\u00f3n profesional.<\/p>\n\n\n\n<p>Con este objetivo, <strong>Gerencia Deportiva<\/strong> invita a dirigentes, managers y responsables de instituciones deportivas a participar de una <strong>charla abierta, gratuita y con cupos limitados<\/strong>, orientada a brindar herramientas pr\u00e1cticas para la toma de decisiones y la construcci\u00f3n de una gesti\u00f3n s\u00f3lida.<\/p>\n\n\n\n<hr class=\"wp-block-separator has-alpha-channel-opacity\"\/>\n\n\n\n<h2 class=\"wp-block-heading\"><strong>Un espacio para pensar la gesti\u00f3n con otra mirada<\/strong><\/h2>\n\n\n\n<p>Durante el encuentro se abordar\u00e1n conceptos esenciales para fortalecer la vida institucional:<\/p>\n\n\n\n<ul class=\"wp-block-list\">\n<li>C\u00f3mo analizar el presente de tu club con herramientas reales y aplicables.<\/li>\n\n\n\n<li>De qu\u00e9 manera optimizar los recursos existentes y generar nuevas alternativas.<\/li>\n\n\n\n<li>Qu\u00e9 implica planificar con visi\u00f3n de mediano y largo plazo.<\/li>\n\n\n\n<li>C\u00f3mo convertir ideas y deseos en acciones concretas y sostenibles.<\/li>\n<\/ul>\n\n\n\n<p>La propuesta se inspira en los ejes desarrollados en la presentaci\u00f3n <em>El Scrum Invisible \u2013 La Gesti\u00f3n en las Organizaciones Deportivas<\/em>, donde se destacan elementos centrales como la importancia del <strong>consenso<\/strong>, los <strong>roles y funciones<\/strong>, el <strong>an\u00e1lisis de datos<\/strong>, la <strong>comunicaci\u00f3n efectiva<\/strong>, los <strong>KPI institucionales<\/strong> y la <strong>cultura organizacional saludable<\/strong>. Estos componentes \u2014visibles en distintas l\u00e1minas del material del orador\u2014 permiten comprender por qu\u00e9 la profesionalizaci\u00f3n no es una opci\u00f3n, sino una necesidad creciente para los clubes .<\/p>\n\n\n\n<hr class=\"wp-block-separator has-alpha-channel-opacity\"\/>\n\n\n\n<h2 class=\"wp-block-heading\"><strong>Sobre el orador: Bruno Quilici<\/strong><\/h2>\n\n\n\n<div class=\"wp-block-group is-nowrap is-layout-flex wp-container-core-group-is-layout-6c531013 wp-block-group-is-layout-flex\">\n<figure class=\"wp-block-image size-full\"><img loading=\"lazy\" decoding=\"async\" width=\"683\" height=\"678\" src=\"https:\/\/gerenciadeportiva.com.ar\/wp-content\/uploads\/2025\/12\/Bruno.jpg\" alt=\"\" class=\"wp-image-705\" srcset=\"https:\/\/gerenciadeportiva.com.ar\/wp-content\/uploads\/2025\/12\/Bruno.jpg 683w, https:\/\/gerenciadeportiva.com.ar\/wp-content\/uploads\/2025\/12\/Bruno-300x298.jpg 300w, https:\/\/gerenciadeportiva.com.ar\/wp-content\/uploads\/2025\/12\/Bruno-150x150.jpg 150w\" sizes=\"auto, (max-width: 683px) 100vw, 683px\" \/><\/figure>\n\n\n\n<p>La charla estar\u00e1 a cargo de <strong>Bruno Quilici<\/strong>, consultor en gesti\u00f3n deportiva, formador y analista especializado en procesos de planificaci\u00f3n institucional. Con una extensa trayectoria vinculada al rugby y al desarrollo de organizaciones deportivas, Bruno combina una mirada pr\u00e1ctica con fundamentos acad\u00e9micos s\u00f3lidos.<\/p>\n<\/div>\n\n\n\n<p>En su contenido, destaca el equilibrio entre los dos motores que conviven en los clubes:<br><strong>la pasi\u00f3n (coraz\u00f3n)<\/strong> y <strong>la raz\u00f3n (gesti\u00f3n)<\/strong>. Seg\u00fan su enfoque \u2014presentado tambi\u00e9n en la reuni\u00f3n de trabajo con Gerencia Deportiva, donde se acord\u00f3 esta actividad\u2014 los dirigentes necesitan actualizarse, incorporar herramientas y afrontar los nuevos requerimientos que demanda un entorno cada vez m\u00e1s profesional .<\/p>\n\n\n\n<p>Su enfoque integra an\u00e1lisis estrat\u00e9gico, diagn\u00f3stico institucional, liderazgo, planificaci\u00f3n y mejora continua, siempre con una premisa clara: <em><strong>la diferencia entre trabajar duro y trabajar inteligentemente<\/strong><\/em>.<\/p>\n\n\n\n<hr class=\"wp-block-separator has-alpha-channel-opacity\"\/>\n\n\n\n<h2 class=\"wp-block-heading\"><strong>\u00bfPor qu\u00e9 participar?<\/strong><\/h2>\n\n\n\n<ul class=\"wp-block-list\">\n<li>Porque <strong>el crecimiento institucional no se improvisa: se construye<\/strong>.<\/li>\n\n\n\n<li>Porque dirigir un club hoy exige capacidades nuevas y formaci\u00f3n actualizada.<\/li>\n\n\n\n<li>Porque tu instituci\u00f3n merece un rumbo claro y sostenible.<\/li>\n\n\n\n<li>Porque planificar es la \u00fanica forma de transformar intenciones en resultados.<\/li>\n<\/ul>\n\n\n\n<hr class=\"wp-block-separator has-alpha-channel-opacity\"\/>\n\n\n\n<h2 class=\"wp-block-heading\"><strong>&#x1f4c5; Fecha y modalidad<\/strong><\/h2>\n\n\n\n<ul class=\"wp-block-list\">\n<li><strong>D\u00eda:<\/strong> 9 de diciembre de 2025<\/li>\n\n\n\n<li><strong>Horario:<\/strong> 20:00 hs<\/li>\n\n\n\n<li><strong>Duraci\u00f3n<\/strong>: 40 min<\/li>\n\n\n\n<li><strong>Modalidad:<\/strong> Virtual<\/li>\n\n\n\n<li><strong>Actividad gratuita \u2014 Cupos limitados<\/strong><\/li>\n<\/ul>\n\n\n\n<p>&#x1f449; <strong>Formulario de inscripci\u00f3n:<\/strong> <a href=\"https:\/\/forms.gle\/CS4L2y2WUHmDwafB6\">https:\/\/forms.gle\/CS4L2y2WUHmDwafB6<\/a><\/p>\n\n\n\n<p>Sigue el canal de Brio Software Clubes en WhatsApp: <a href=\"https:\/\/whatsapp.com\/channel\/0029VaY9Zh9545uqx6YuvO1Z\">https:\/\/whatsapp.com\/channel\/0029VaY9Zh9545uqx6YuvO1Z<\/a><\/p>\n\n\n\n<p><\/p>\n","protected":false},"excerpt":{"rendered":"<p>En un contexto donde las instituciones deportivas enfrentan desaf\u00edos cada vez m\u00e1s complejos, la planificaci\u00f3n estrat\u00e9gica se vuelve una herramienta<\/p>\n","protected":false},"author":1,"featured_media":704,"comment_status":"closed","ping_status":"open","sticky":false,"template":"","format":"standard","meta":{"colormag_page_container_layout":"default_layout","colormag_page_sidebar_layout":"default_layout","footnotes":""},"categories":[4,21],"tags":[],"class_list":["post-703","post","type-post","status-publish","format-standard","has-post-thumbnail","hentry","category-capacitacion","category-top"],"_links":{"self":[{"href":"https:\/\/gerenciadeportiva.com.ar\/index.php\/wp-json\/wp\/v2\/posts\/703","targetHints":{"allow":["GET"]}}],"collection":[{"href":"https:\/\/gerenciadeportiva.com.ar\/index.php\/wp-json\/wp\/v2\/posts"}],"about":[{"href":"https:\/\/gerenciadeportiva.com.ar\/index.php\/wp-json\/wp\/v2\/types\/post"}],"author":[{"embeddable":true,"href":"https:\/\/gerenciadeportiva.com.ar\/index.php\/wp-json\/wp\/v2\/users\/1"}],"replies":[{"embeddable":true,"href":"https:\/\/gerenciadeportiva.com.ar\/index.php\/wp-json\/wp\/v2\/comments?post=703"}],"version-history":[{"count":2,"href":"https:\/\/gerenciadeportiva.com.ar\/index.php\/wp-json\/wp\/v2\/posts\/703\/revisions"}],"predecessor-version":[{"id":708,"href":"https:\/\/gerenciadeportiva.com.ar\/index.php\/wp-json\/wp\/v2\/posts\/703\/revisions\/708"}],"wp:featuredmedia":[{"embeddable":true,"href":"https:\/\/gerenciadeportiva.com.ar\/index.php\/wp-json\/wp\/v2\/media\/704"}],"wp:attachment":[{"href":"https:\/\/gerenciadeportiva.com.ar\/index.php\/wp-json\/wp\/v2\/media?parent=703"}],"wp:term":[{"taxonomy":"category","embeddable":true,"href":"https:\/\/gerenciadeportiva.com.ar\/index.php\/wp-json\/wp\/v2\/categories?post=703"},{"taxonomy":"post_tag","embeddable":true,"href":"https:\/\/gerenciadeportiva.com.ar\/index.php\/wp-json\/wp\/v2\/tags?post=703"}],"curies":[{"name":"wp","href":"https:\/\/api.w.org\/{rel}","templated":true}]}}