{"id":578,"date":"2018-05-07T17:31:02","date_gmt":"2018-05-07T17:31:02","guid":{"rendered":"https:\/\/gerenciadeportiva.com.ar\/?p=578"},"modified":"2025-06-03T23:32:19","modified_gmt":"2025-06-03T23:32:19","slug":"torneo-mundialito-de-futbol-5-copa-kion","status":"publish","type":"post","link":"https:\/\/gerenciadeportiva.com.ar\/index.php\/2018\/05\/07\/torneo-mundialito-de-futbol-5-copa-kion\/","title":{"rendered":"Torneo\u00a0Mundialito de F\u00fatbol 5\u00a0\u00abCopa KION\u00bb"},"content":{"rendered":"<p>Gerencia Deportiva estar\u00e1 presente junto a otras instituciones destacada de la ciudad de Rosario en el<strong>\u00a0<\/strong><a href=\"http:\/\/futbol5mundial.com\/\"><strong>Torneo\u00a0Mundialito de F<\/strong><\/a><a href=\"http:\/\/futbol5mundial.com\/\"><strong>\u00fatbol 5<\/strong><strong>\u00a0ROSARIO TE ESPERA! Edici\u00f3n Rusia 2018<\/strong><\/a><strong>\u00a0\u201c<\/strong><a href=\"http:\/\/kionargentina.com\/\"><strong>Copa KION<\/strong><\/a><strong>\u201d,\u00a0<\/strong>a jugarse Noviembre del 2018; nuestro rol ser\u00e1 el de capacitar a los dirigentes presentes.<\/p>\n<p>El<strong>\u00a0evento<\/strong>\u00a0fue\u00a0<strong>declarado de inter\u00e9s TURISTICO<\/strong>\u00a0<strong>Y DEPORTIVO<\/strong>\u00a0por el<strong>\u00a0<\/strong><a href=\"http:\/\/www.rosarioturismo.com\/es\/\">Ente de Turismo de Rosario (ETUR)<\/a><strong>; la\u00a0<\/strong><a href=\"https:\/\/www.rosario.gov.ar\/web\/ciudad\/deportes-y-recreacion\">Subsecretar\u00eda de Recreaci\u00f3n y Deportes de\u00a0Rosario<\/a><strong>\u00a0y la\u00a0<\/strong><a href=\"http:\/\/www.santafeturismo.gov.ar\/\">Secretar\u00eda de Turismo del Gobierno de la Provincia de Santa Fe<\/a><\/p>\n<p>Con los avales oficiales extendemos la invitaci\u00f3n a todas las Direcciones y Secretarias de Deportes y Turismo Provinciales y Municipales, a fin de que participen apoyando la organizaci\u00f3n de las eliminatorias o la inscripci\u00f3n de un equipo en forma directa al Mundialito representativo de la localidad o provincia.<\/p>\n<p><strong>Con el fin de promover la rotaci\u00f3n del evento por todo el Territorio Nacional, se postular\u00e1 a las provincias representadas por los equipos campeones de ambas categor\u00edas como sede anfitriona de la segunda edici\u00f3n del torneo, a jugarse el pr\u00f3ximo a\u00f1o para la misma fecha en alegor\u00eda a la Copa Am\u00e9rica 2019, coincidiendo con el calendario FIFA.<\/strong><\/p>\n<p>El evento ser\u00e1 promocionado por la prensa nacional, provincial y local. Estimamos que su difusi\u00f3n y el desarrollo del evento son piezas esenciales para contribuir en el \u00a0posicionamiento de la ciudad anfitriona como destino tur\u00edstico\/deportivo.<\/p>\n<p>El link del torneo es <a href=\"http:\/\/www.futbol5mundial.com\">www.futbol5mundial.com<\/a>;<\/p>\n<p><img loading=\"lazy\" decoding=\"async\" class=\"aligncenter size-large wp-image-580\" src=\"https:\/\/gerenciadeportiva.com.ar\/wp-content\/uploads\/2018\/05\/6478d34b-9791-439c-aed6-135483a0bca8-1024x1024.jpg\" alt=\"\" width=\"800\" height=\"800\" srcset=\"https:\/\/gerenciadeportiva.com.ar\/wp-content\/uploads\/2018\/05\/6478d34b-9791-439c-aed6-135483a0bca8-1024x1024.jpg 1024w, https:\/\/gerenciadeportiva.com.ar\/wp-content\/uploads\/2018\/05\/6478d34b-9791-439c-aed6-135483a0bca8-150x150.jpg 150w, https:\/\/gerenciadeportiva.com.ar\/wp-content\/uploads\/2018\/05\/6478d34b-9791-439c-aed6-135483a0bca8-300x300.jpg 300w, https:\/\/gerenciadeportiva.com.ar\/wp-content\/uploads\/2018\/05\/6478d34b-9791-439c-aed6-135483a0bca8-768x768.jpg 768w, https:\/\/gerenciadeportiva.com.ar\/wp-content\/uploads\/2018\/05\/6478d34b-9791-439c-aed6-135483a0bca8.jpg 1200w\" sizes=\"auto, (max-width: 800px) 100vw, 800px\" \/><\/p>\n<p>El Mundialito se juega en dos\u00a0<strong>categor\u00edas: masculina (32 equipos) y femenina (16 equipos)<\/strong>; cada localidad podr\u00e1 presentar solamente un equipo de las dos categor\u00edas;<strong>\u00a0los cupos son limitados!!.<\/strong><\/p>\n<p>En caso de decidir jugar <strong>La Fase 1 \u201cEliminatorias<\/strong>\u201d, cada localidad deber\u00e1 organizar el torneo a fin de seleccionar el equipo ganador, (nuestra propuesta es que se organice un <strong>fixture rel\u00e1mpago<\/strong> los d\u00edas <strong>25, 26 y 27 de Mayo de 2018; <\/strong>cuyo formato requiere la <strong>colaboraci\u00f3n mutua de los complejos deportivos; los organizadores de torneos\/ligas y los equipos<\/strong>).<\/p>\n<p>En caso de inscribir un equipo con pase directo al mundialito; convocamos a participar a las marcas privadas de cada localidad que buscan apoyar el deporte o el turismo local a los fines de sponsorear las inscripciones.<\/p>\n<p>La<strong>\u00a0tarifa de inscripci\u00f3n es $75.000<\/strong>\u00a0<strong>por equipo hasta 12 integrantes<\/strong>, (8 Jugadores + 1 DT + 1 Preparador F\u00edsico + 1 Arbitro + 1 Dirigente\/Representante).<\/p>\n<p><strong>La tarifa del paquete TURISTICO\/DEPORTIVO de 5 d\u00edas\/4 noches (06 al 10 de Junio de 2018) con estad\u00eda completa en Rosario e incluye:<\/strong><\/p>\n<ul>\n<li>4 noches de alojamiento en\u00a0<a href=\"http:\/\/www.chrosario.org\/\">C\u00e1mara de Hostels de Rosario<\/a>\u00a0con desayunos.<\/li>\n<li>Almuerzos (viandas), meriendas y cenas en restobares\u00a0<a href=\"http:\/\/www.elgranchopp.com.ar\/\">El Gran Chopp<\/a>;\u00a0<a href=\"https:\/\/www.facebook.com\/ClubFellini\/\">Club Fellini<\/a>;\u00a0<a href=\"http:\/\/www.piacererosario.com\/\">Piacere<\/a>\u00a0y\u00a0<a href=\"https:\/\/www.facebook.com\/GranViaBar\/\">La Gran Via<\/a>.<\/li>\n<li>Derecho a juego del torneo\u00a0<a href=\"https:\/\/www.facebook.com\/olimpicusfutbol5\/\">Olimpicus F\u00fatbol 5<\/a>\u00a0+ hidrataci\u00f3n\u00a0<a href=\"https:\/\/www.gatorade.com.ar\/\">Gatorade<\/a>\u00a0en los partidos + organizaci\u00f3n deportiva a cargo del\u00a0<a href=\"http:\/\/www.ligasanpatricio.com\/predio.php\">Grupo Barbian<\/a>\u00a0+ cobertura period\u00edstica.<\/li>\n<li>Dos (2) jornadas de capacitaci\u00f3n deportiva direccionada a Jugadores\u00a0<a href=\"http:\/\/www.gydonline.com\/\">Gesti\u00f3n Deportiva<\/a>; Directores T\u00e9cnicos\u00a0<a href=\"https:\/\/es.wikipedia.org\/wiki\/Cristian_Cuffaro_Russo\">Escuela de DT Cuffaro Russo<\/a>; Preparadores F\u00edsicos\u00a0<a href=\"https:\/\/www.facebook.com\/PreparacionFisicaFutbolAfaRosario\/\">Preparaci\u00f3n F\u00edsica F\u00fatbol A.F.A. &#8211; A.P.E.F.F.A Rosario<\/a>; Arbitros\u00a0<a href=\"http:\/\/rosariofutbol.com\/\">Asociaci\u00f3n Rosarina de Futbol<\/a>\u00a0 y Dirigentes\u00a0<a href=\"https:\/\/gerenciadeportiva.com.ar\/\">Gerencia Deportiva<\/a>).<\/li>\n<li>Entradas a cena show de cierre, (entregas de premios, espect\u00e1culos sorpresas, dj, bandas en vivo y sorteos).<\/li>\n<li>Visitas a los clubes\u00a0<a href=\"http:\/\/www.newellsoldboys.com.ar\/\">Newell\u00b4s Old Boys<\/a>\u00a0y\u00a0<a href=\"http:\/\/www.rosariocentral.com\/\">Rosario Central<\/a>.<\/li>\n<li><strong>Premios\u00a0<\/strong><a href=\"http:\/\/kionargentina.com\/\">Kion Argentina<\/a><strong>\u00a0al campe\u00f3n y subcampe\u00f3n de las 2 categor\u00edas.<\/strong><\/li>\n<li><strong>Premios\u00a0<\/strong><a href=\"https:\/\/www.fabriofertas.com\/\">Fabriofertas<\/a><strong>\u00a0SmartPhones (goleadores, vallas menos vencidas y jugadores del torneo). SmartTV 65\u201d al organizador\/representante del equipo.<\/strong><\/li>\n<li>Participaci\u00f3n en el sorteo de 2 (dos) pasajes a Europa a presenciar un partido del barcelona y\/o Real Madrid, con tres (3 noches de alojamiento en hotel 4* y seguro al viajero.<\/li>\n<\/ul>\n<p><strong>Las inscripciones se reservan con el 15% de la tarifa total ($11.250),\u00a0mediante dep\u00f3sito y\/o transferencia bancaria a la cuenta de\u00a0<\/strong><a href=\"http:\/\/www.caimiviajes.tur.ar\/\">CAIMI VIAJES<\/a><strong>\u00a0\/ Carolina Caimi VyT \/ Leg. Nro. 14951 \/ Res:1642\/11 \/ 2000 Rosario Tel\/Fax +54 341 5272564\/63 \/ <a href=\"mailto:info@caimiviajes.tur.ar\">info@caimiviajes.tur.ar<\/a><\/strong><\/p>\n","protected":false},"excerpt":{"rendered":"<p>Gerencia Deportiva estar\u00e1 presente junto a otras instituciones destacada de la ciudad de Rosario en el\u00a0Torneo\u00a0Mundialito de F\u00fatbol 5\u00a0ROSARIO TE<\/p>\n","protected":false},"author":1,"featured_media":582,"comment_status":"closed","ping_status":"open","sticky":false,"template":"","format":"standard","meta":{"colormag_page_container_layout":"default_layout","colormag_page_sidebar_layout":"default_layout","footnotes":""},"categories":[4],"tags":[],"class_list":["post-578","post","type-post","status-publish","format-standard","has-post-thumbnail","hentry","category-capacitacion"],"_links":{"self":[{"href":"https:\/\/gerenciadeportiva.com.ar\/index.php\/wp-json\/wp\/v2\/posts\/578","targetHints":{"allow":["GET"]}}],"collection":[{"href":"https:\/\/gerenciadeportiva.com.ar\/index.php\/wp-json\/wp\/v2\/posts"}],"about":[{"href":"https:\/\/gerenciadeportiva.com.ar\/index.php\/wp-json\/wp\/v2\/types\/post"}],"author":[{"embeddable":true,"href":"https:\/\/gerenciadeportiva.com.ar\/index.php\/wp-json\/wp\/v2\/users\/1"}],"replies":[{"embeddable":true,"href":"https:\/\/gerenciadeportiva.com.ar\/index.php\/wp-json\/wp\/v2\/comments?post=578"}],"version-history":[{"count":2,"href":"https:\/\/gerenciadeportiva.com.ar\/index.php\/wp-json\/wp\/v2\/posts\/578\/revisions"}],"predecessor-version":[{"id":584,"href":"https:\/\/gerenciadeportiva.com.ar\/index.php\/wp-json\/wp\/v2\/posts\/578\/revisions\/584"}],"wp:featuredmedia":[{"embeddable":true,"href":"https:\/\/gerenciadeportiva.com.ar\/index.php\/wp-json\/wp\/v2\/media\/582"}],"wp:attachment":[{"href":"https:\/\/gerenciadeportiva.com.ar\/index.php\/wp-json\/wp\/v2\/media?parent=578"}],"wp:term":[{"taxonomy":"category","embeddable":true,"href":"https:\/\/gerenciadeportiva.com.ar\/index.php\/wp-json\/wp\/v2\/categories?post=578"},{"taxonomy":"post_tag","embeddable":true,"href":"https:\/\/gerenciadeportiva.com.ar\/index.php\/wp-json\/wp\/v2\/tags?post=578"}],"curies":[{"name":"wp","href":"https:\/\/api.w.org\/{rel}","templated":true}]}}