{"id":565,"date":"2018-04-06T12:03:40","date_gmt":"2018-04-06T12:03:40","guid":{"rendered":"https:\/\/gerenciadeportiva.com.ar\/?p=565"},"modified":"2025-06-03T23:30:21","modified_gmt":"2025-06-03T23:30:21","slug":"dos-dias-para-capacitarse-en-gestion-deportiva","status":"publish","type":"post","link":"https:\/\/gerenciadeportiva.com.ar\/index.php\/2018\/04\/06\/dos-dias-para-capacitarse-en-gestion-deportiva\/","title":{"rendered":"Dos d\u00edas para capacitarse en Gesti\u00f3n Deportiva"},"content":{"rendered":"<p>Gerencia Deportiva llevara adelante \u00a0dos jornadas de capacitaci\u00f3n en gesti\u00f3n deportiva dise\u00f1adas para brindar herramientas a las personas que est\u00e9n o que quieran estar involucradas con la gesti\u00f3n de instituciones deportivas.<\/p>\n<p>Estas jornadas son impulsadas desde la Municipalidad y la Presidencia del HCD de Las Heras para brindar la oportunidad de capacitarse en forma gratuita a toda aquella persona que quiera aprovechar esta gran oportunidad de adquirir nuevos conocimientos y formas de abordar la gesti\u00f3n.<\/p>\n<p>Como todos los cursos que propone Gerencia Deportiva ser\u00e1n dos jornadas de aprendizaje y trabajo en equipo, haciendo del espacio un lugar para que nos escuchemos unos a otros y que al final del curso podamos contar con recursos que podamos aplicar en nuestro club.<\/p>\n<p><strong><span style=\"color: #3366ff;\">OBJETO<\/span>:<\/strong><\/p>\n<p>Curso de capacitaci\u00f3n en Administraci\u00f3n y Gesti\u00f3n de Instituciones Deportivas<\/p>\n<p><strong><span style=\"color: #3366ff;\">COSTO<\/span>:<\/strong><\/p>\n<p>Gratuito, invita la HCD y Municipalidad de LAS HERAS, SANTA CRUZ<\/p>\n<p><strong><span style=\"color: #3366ff;\">DESTINATARIO<\/span>:<\/strong><\/p>\n<ul>\n<li>Dirigentes Deportivos pertenecientes a organizaciones deportivas de 1\u00b0 (Clubes), 2\u00b0 (Asociaciones) y 3\u00b0 (Federaciones o Confederaciones) grado.<\/li>\n<li>Extensivo a: Gerentes Institucionales, Gerentes o Directores Deportivos, Licenciados en Educaci\u00f3n F\u00edsica, Profesores en Educaci\u00f3n F\u00edsica, Entrenadores e Instructores Deportivo, Padres y Deportistas. Finalmente el perfil ideal es para aquella persona que tenga una fuerte vocaci\u00f3n de trabajo por el pr\u00f3jimo dentro de una instituci\u00f3n deportiva<\/li>\n<\/ul>\n<p><img loading=\"lazy\" decoding=\"async\" class=\"aligncenter size-large wp-image-566\" src=\"https:\/\/gerenciadeportiva.com.ar\/wp-content\/uploads\/2018\/04\/flyers_lasheras-683x1024.jpg\" alt=\"\" width=\"683\" height=\"1024\" srcset=\"https:\/\/gerenciadeportiva.com.ar\/wp-content\/uploads\/2018\/04\/flyers_lasheras-683x1024.jpg 683w, https:\/\/gerenciadeportiva.com.ar\/wp-content\/uploads\/2018\/04\/flyers_lasheras-200x300.jpg 200w, https:\/\/gerenciadeportiva.com.ar\/wp-content\/uploads\/2018\/04\/flyers_lasheras-768x1152.jpg 768w, https:\/\/gerenciadeportiva.com.ar\/wp-content\/uploads\/2018\/04\/flyers_lasheras.jpg 800w\" sizes=\"auto, (max-width: 683px) 100vw, 683px\" \/><\/p>\n<p><strong><span style=\"color: #3366ff;\">CONTENIDO TEM\u00c1TICO<\/span>:<\/strong><\/p>\n<h2>M\u00f3dulo I:<\/h2>\n<ul>\n<li>Contextualizaci\u00f3n del Concepto \u201cClub\u201d como organizaci\u00f3n de servicio.<\/li>\n<li>Concepto de Gobierno, Pol\u00edtica y Gesti\u00f3n en las instituciones deportivas.<\/li>\n<li>El Rol del Dirigente Deportivo.<\/li>\n<li>El Rol de Gestor Deportivo Institucional.<\/li>\n<\/ul>\n<h2>M\u00f3dulo II:<\/h2>\n<ul>\n<li>C\u00f3mo organizar un Club.<\/li>\n<li>Estructura jer\u00e1rquica en la organizaci\u00f3n de un Club.<\/li>\n<li>Divisi\u00f3n del trabajo en un Club.<\/li>\n<li>El Organigrama Institucional.<\/li>\n<li>\u00c1reas Institucionales.<\/li>\n<\/ul>\n<h2>M\u00f3dulo III:<\/h2>\n<ul>\n<li>Gesti\u00f3n de la informaci\u00f3n.<\/li>\n<li>Marketing enfocado sobre la informaci\u00f3n.<\/li>\n<li>Toma de decisiones y liderazgo.<\/li>\n<li>Tablero de Control.<\/li>\n<\/ul>\n<h2>M\u00f3dulo IV<strong>: \u201cDebate sobre la ley de Derecho de Formaci\u00f3n Deportiva\u201d<\/strong><\/h2>\n<ul>\n<li>Debate con el auditorio.<\/li>\n<li>Charla abierta entre disertantes y auditorio.<\/li>\n<li>Consultas, preguntas y respuestas, a cerca de la ley.<\/li>\n<\/ul>\n<p>&nbsp;<\/p>\n<p><a href=\"https:\/\/goo.gl\/forms\/dZacm2KtkYLkHY8Q2\" target=\"_blank\" rel=\"noopener\">Para una mejor organizaci\u00f3n le rogamos que pueda pre acreditarse dejando sus datos en el siguiente formulario\u00a0https:\/\/goo.gl\/forms\/dZacm2KtkYLkHY8Q2<\/a><\/p>\n<p><a href=\"https:\/\/gerenciadeportiva.com.ar\/wp-content\/uploads\/2018\/04\/GacetillaLasHeras.pdf\" target=\"_blank\" rel=\"noopener\"><br \/>\nDESCARGAR LA GACETILLA DEL CURSO HACIENDO CLIC AQU\u00cd<\/a><\/p>\n<p><a href=\"https:\/\/gerenciadeportiva.com.ar\/wp-content\/uploads\/2018\/04\/GERENCIA-DEPORTIVA-2018.pdf\" target=\"_blank\" rel=\"noopener\">DESCARGAR INFORMACI\u00d3N SOBRE LOS CURSOS DE GERENCIA DEPORTIVA\u00a0<\/a><\/p>\n<p>&nbsp;<\/p>\n<p>&nbsp;<\/p>\n","protected":false},"excerpt":{"rendered":"<p>Gerencia Deportiva llevara adelante \u00a0dos jornadas de capacitaci\u00f3n en gesti\u00f3n deportiva dise\u00f1adas para brindar herramientas a las personas que est\u00e9n<\/p>\n","protected":false},"author":1,"featured_media":570,"comment_status":"closed","ping_status":"open","sticky":false,"template":"","format":"standard","meta":{"colormag_page_container_layout":"default_layout","colormag_page_sidebar_layout":"default_layout","footnotes":""},"categories":[4],"tags":[],"class_list":["post-565","post","type-post","status-publish","format-standard","has-post-thumbnail","hentry","category-capacitacion"],"_links":{"self":[{"href":"https:\/\/gerenciadeportiva.com.ar\/index.php\/wp-json\/wp\/v2\/posts\/565","targetHints":{"allow":["GET"]}}],"collection":[{"href":"https:\/\/gerenciadeportiva.com.ar\/index.php\/wp-json\/wp\/v2\/posts"}],"about":[{"href":"https:\/\/gerenciadeportiva.com.ar\/index.php\/wp-json\/wp\/v2\/types\/post"}],"author":[{"embeddable":true,"href":"https:\/\/gerenciadeportiva.com.ar\/index.php\/wp-json\/wp\/v2\/users\/1"}],"replies":[{"embeddable":true,"href":"https:\/\/gerenciadeportiva.com.ar\/index.php\/wp-json\/wp\/v2\/comments?post=565"}],"version-history":[{"count":2,"href":"https:\/\/gerenciadeportiva.com.ar\/index.php\/wp-json\/wp\/v2\/posts\/565\/revisions"}],"predecessor-version":[{"id":571,"href":"https:\/\/gerenciadeportiva.com.ar\/index.php\/wp-json\/wp\/v2\/posts\/565\/revisions\/571"}],"wp:featuredmedia":[{"embeddable":true,"href":"https:\/\/gerenciadeportiva.com.ar\/index.php\/wp-json\/wp\/v2\/media\/570"}],"wp:attachment":[{"href":"https:\/\/gerenciadeportiva.com.ar\/index.php\/wp-json\/wp\/v2\/media?parent=565"}],"wp:term":[{"taxonomy":"category","embeddable":true,"href":"https:\/\/gerenciadeportiva.com.ar\/index.php\/wp-json\/wp\/v2\/categories?post=565"},{"taxonomy":"post_tag","embeddable":true,"href":"https:\/\/gerenciadeportiva.com.ar\/index.php\/wp-json\/wp\/v2\/tags?post=565"}],"curies":[{"name":"wp","href":"https:\/\/api.w.org\/{rel}","templated":true}]}}