{"id":449,"date":"2017-12-01T14:15:05","date_gmt":"2017-12-01T14:15:05","guid":{"rendered":"https:\/\/gerenciadeportiva.com.ar\/wp\/?p=449"},"modified":"2020-02-26T18:40:39","modified_gmt":"2020-02-26T18:40:39","slug":"patrimonio-societario","status":"publish","type":"post","link":"https:\/\/gerenciadeportiva.com.ar\/index.php\/2017\/12\/01\/patrimonio-societario\/","title":{"rendered":"Patrimonio societario"},"content":{"rendered":"<p>Todos los 30 de Noviembre, se celebra el d\u00eda del Hincha de San Lorenzo, \u00a0se dio a lugar desde las manifestaciones de los socios e hinchas en pos de defender el patrimonio societario ante la amenaza de intento de privatizar a la instituci\u00f3n con la empresa ISL (International Sport and Leisure) que hoy esta en los gruesos expedientes del FIFA-GATE. Cabe destacar que esta fecha es importante porque no solo dio por tierra el intento de privatizaci\u00f3n del club San Lorenzo \u00a0(a pesar dela represi\u00f3n sufrida) sino que dio lugar a fortalecer la figura de asociaci\u00f3n civil sin fines de lucro que poseen la mayor\u00eda de los clubes en Argentina.<\/p>\n<p>Traemos una nota de Gustavo Veiga <a href=\"https:\/\/twitter.com\/gustavojveiga\"><strong>@<\/strong>gustavojveiga<\/a> de Pagina12 de Noviembre del 2000:<\/p>\n<p><span style=\"color: #1b60a6;\"><em>Todo indica que la tendencia a movilizarse en resguardo del patrimonio que poseen los clubes argentinos ir\u00e1 en aumento. Los hinchas de San Lorenzo, as\u00ed como los de Racing primero y los de Deportivo Espa\u00f1ol despu\u00e9s, est\u00e1n dispuestos a hacerse escuchar. Para ello ya han marchado y se siguen movilizando ante la AFA \u2013de alg\u00fan modo la Casa Rosada del f\u00fatbol\u2013 para peticionar y dar a conocer su posici\u00f3n. El eslogan con que se convoca a socios y simpatizantes esta vez es \u201cTodos a la AFA, en contra de la entrega del club\u201d y est\u00e1 acompa\u00f1ado de una carta abierta dirigida \u201cal se\u00f1or Julio Grondona\u201d. Quienes llaman a movilizarse se presentaron en P\u00e1gina\/12, dicen ser hinchas sin identificaci\u00f3n pol\u00edtica, residen en el barrio de Belgrano y se enorgullecen de ir a \u201ctodas las canchas\u201d. <\/em><\/span><\/p>\n<p><span style=\"color: #1b60a6;\"><em>Este sector cuestiona la iniciativa de Fernando Miele, que aspira a refrendar el 30 de noviembre durante la asamblea de representantes de socios una carta convenio acordada con la empresa suiza ISL. Si se aprobara este documento de siete carillas, cinco puntos y decenas de cl\u00e1usulas, San Lorenzo transferir\u00eda a la firma con sede en Zurich el usufructo de sus recursos vitales: o sea, a cambio de una suma de dinero que el club ya viene percibiendo anualmente, ceder\u00e1 derechos de TV, merchandising, publicidad est\u00e1tica, indumentaria, internet y otros rubros de incalculable proyecci\u00f3n como el \u201ce-commerce\u201d (comercio electr\u00f3nico). En rigor, ISL centralizar\u00e1 el pago que la entidad recibe de distintas empresas. <\/em><\/span><\/p>\n<p><span style=\"color: #1b60a6;\"><em>En su carta abierta a Grondona, los hinchas en estado de movilizaci\u00f3n le inquieren al dirigente que responda cu\u00e1l es \u201cla ventaja de ceder a alguien la cobranza asegurada de 13 millones de d\u00f3lares, para que otro se la cobre y la administre y, si queda un excedente, se lo devuelva el 31 de enero del otro a\u00f1o, y en el contrato no haya ninguna garant\u00eda de devoluci\u00f3n de ese dinero a San Lorenzo\u201d. En el texto que dieron a conocer estos \u201csocios, hinchas y simpatizantes, donde la mayor\u00eda no pasa los 25 a\u00f1os\u201d, tambi\u00e9n se denuncia que en la instituci\u00f3n y, por indicaci\u00f3n de la AFA, \u201cse gastaron el a\u00f1o pasado 2 millones de d\u00f3lares en un equipo de video de alta seguridad, por el que otros clubes pagaron 500 mil d\u00f3lares, y hoy tenemos un pasivo de 30 millones de d\u00f3lares\u201d.<\/em><\/span><\/p>\n<p><span style=\"color: #1b60a6;\"><em>A lo largo del texto, este movimiento sanlorencista repite una frase atribuida al presidente de la AFA por los dirigentes opositores Alberto Barilari y Jorge Aldrey: \u201cEl contrato con ISL es lo mejor que le puede pasar a San Lorenzo\u201d. De ah\u00ed, los seguidores del Cicl\u00f3n se toman para expresarle a Grondona: \u201cSi hoy el club no paga impuestos, por el art\u00edculo 2.7 nos hacemos cargo de los impuestos que le corresponda pagar a ISL, que son del orden del 30 por ciento de las utilidades, m\u00e1s el IVA. Expl\u00edquenos por favor la ventaja para San Lorenzo de aceptar una cl\u00e1usula de este tipo\u201d. <\/em><\/span><\/p>\n<p><span style=\"color: #1b60a6;\"><em>Si a la marcha convocada para el martes 21 ante la AFA se suma otra que, como est\u00e1 proyectada, tratar\u00e1 de impedir la aprobaci\u00f3n de la carta de intenci\u00f3n entre San Lorenzo y ISL el 30 de noviembre en el estadio, se infiere que en el club de Boedo se aproxima un verano sofocante para el presidente azulgrana y quienes lo acompa\u00f1an en su iniciativa gerenciadora.<\/em><\/span><\/p>\n<p><span style=\"color: #1b60a6;\"><em>Por eso, los hinchas se autoconvocan y critican del mismo modo a Miele y Grondona, \u201cdos de los principales administradores de nuestro alica\u00eddo f\u00fatbol que alguna vez estuvieron parados en veredas opuestas. Hoy, en cambio, est\u00e1n unidos por una misma pasi\u00f3n: el lobby a favor de ISL\u201d.<\/em><\/span><\/p>\n<p>Menos de un a\u00f1o\u00a0m\u00e1s tarde, en mayo de 2001, ISL (International Sport and Leisure) quebr\u00f3 tras un esc\u00e1ndalo que manch\u00f3 de Joseph Blatter para abajo a todo el mundo del f\u00fatbol. S\u00ed, la misma empresa que quiso quedarse durante 10 a\u00f1os con los derechos de explotaci\u00f3n del club. hoy esta en los gruesos expedientes del FIFA GATE y se llevo puesto a Nicol\u00e1s Leoz (ex pte. CONMEBOL)\u00a0 entre varios m\u00e1s.<\/p>\n<p>Esta historia no hace m\u00e1s que reivindicar que cuando las personas se unen para evitar una p\u00e9rdida del patrimonio social \/ hist\u00f3rico de una instituci\u00f3n su fuerza es muy poderosa, reflexionemos juntos la importancia de participar activamente de las instituciones siendo cr\u00edticos e instando a quienes ejerzan el gobierno a que lo hagan en pos del beneficio com\u00fan y no el de unos pocos.<\/p>\n<p style=\"text-align: center;\"><iframe loading=\"lazy\" src=\"https:\/\/www.youtube.com\/embed\/gMLXWCdaIUc?rel=0&amp;showinfo=0\" width=\"560\" height=\"315\" frameborder=\"0\" allowfullscreen=\"allowfullscreen\"><\/iframe><\/p>\n","protected":false},"excerpt":{"rendered":"<p>Todos los 30 de Noviembre, se celebra el d\u00eda del Hincha de San Lorenzo, \u00a0se dio a lugar desde las<\/p>\n","protected":false},"author":1,"featured_media":450,"comment_status":"closed","ping_status":"open","sticky":false,"template":"","format":"standard","meta":{"colormag_page_container_layout":"default_layout","colormag_page_sidebar_layout":"default_layout","footnotes":""},"categories":[18],"tags":[],"class_list":["post-449","post","type-post","status-publish","format-standard","has-post-thumbnail","hentry","category-clubes"],"_links":{"self":[{"href":"https:\/\/gerenciadeportiva.com.ar\/index.php\/wp-json\/wp\/v2\/posts\/449","targetHints":{"allow":["GET"]}}],"collection":[{"href":"https:\/\/gerenciadeportiva.com.ar\/index.php\/wp-json\/wp\/v2\/posts"}],"about":[{"href":"https:\/\/gerenciadeportiva.com.ar\/index.php\/wp-json\/wp\/v2\/types\/post"}],"author":[{"embeddable":true,"href":"https:\/\/gerenciadeportiva.com.ar\/index.php\/wp-json\/wp\/v2\/users\/1"}],"replies":[{"embeddable":true,"href":"https:\/\/gerenciadeportiva.com.ar\/index.php\/wp-json\/wp\/v2\/comments?post=449"}],"version-history":[{"count":4,"href":"https:\/\/gerenciadeportiva.com.ar\/index.php\/wp-json\/wp\/v2\/posts\/449\/revisions"}],"predecessor-version":[{"id":454,"href":"https:\/\/gerenciadeportiva.com.ar\/index.php\/wp-json\/wp\/v2\/posts\/449\/revisions\/454"}],"wp:featuredmedia":[{"embeddable":true,"href":"https:\/\/gerenciadeportiva.com.ar\/index.php\/wp-json\/wp\/v2\/media\/450"}],"wp:attachment":[{"href":"https:\/\/gerenciadeportiva.com.ar\/index.php\/wp-json\/wp\/v2\/media?parent=449"}],"wp:term":[{"taxonomy":"category","embeddable":true,"href":"https:\/\/gerenciadeportiva.com.ar\/index.php\/wp-json\/wp\/v2\/categories?post=449"},{"taxonomy":"post_tag","embeddable":true,"href":"https:\/\/gerenciadeportiva.com.ar\/index.php\/wp-json\/wp\/v2\/tags?post=449"}],"curies":[{"name":"wp","href":"https:\/\/api.w.org\/{rel}","templated":true}]}}