{"id":399,"date":"2017-12-01T10:39:25","date_gmt":"2017-12-01T10:39:25","guid":{"rendered":"https:\/\/gerenciadeportiva.com.ar\/wp\/?p=399"},"modified":"2025-06-03T23:26:04","modified_gmt":"2025-06-03T23:26:04","slug":"como-generar-recursos-economicos-en-los-clubes","status":"publish","type":"post","link":"https:\/\/gerenciadeportiva.com.ar\/index.php\/2017\/12\/01\/como-generar-recursos-economicos-en-los-clubes\/","title":{"rendered":"\u00bfC\u00f3mo generar recursos econ\u00f3micos en los clubes?"},"content":{"rendered":"<p>Esa fue la tem\u00e1tica del congreso internacional realizado por Gerencia Deportiva de Rosario, Argentina y la consultora WUICS de Barcelona, Espa\u00f1a el 17 de Octubre del 2017 en el auditorio del banco Municipal de Rosario.<\/p>\n<p>El hilo conductor central de este workshop internacional se origina desde nuestra labor diaria, nuestro sistema de gesti\u00f3n para Clubes BRIO esta implementado en m\u00e1s de 100 clubes de 18 provincias distintas de Argentina, adem\u00e1s con nuestras charlas de capacitaci\u00f3n recorremos el pa\u00eds, y la primer pregunta que siempre nos hacen los dirigentes es <strong><em><span style=\"color: #3366ff;\">\u00bfC\u00f3mo generar recursos econ\u00f3micos en los clubes?<\/span><\/em><\/strong> Por ello este evento se dise\u00f1\u00f3 con el objetivo de dotar a todos sus participantes con herramientas de gesti\u00f3n que puedan aplicarlas en sus instituciones, creando pol\u00edticas proactivas que ayuden a mejorar la gesti\u00f3n econ\u00f3mica, no solo generando recursos sino cuidando los que ya existen.<\/p>\n<p>La capacitaci\u00f3n dio inicio a las 8:30 hs de la ma\u00f1ana con un desayuno como recepci\u00f3n, para finalizar a las 19:00 hs, donde adem\u00e1s de aprovechar las charlas pudimos compartir dos coffee breaks y un lunch durante el mediod\u00eda. Tuvimos m\u00e1s de 120 dirigentes que participaron de la jornada para escuchar a 12 disertantes.<\/p>\n<p>Desde Gerencia Deportiva creemos que no existe una f\u00f3rmula m\u00e1gica, \u00a0pero si creemos que hay que conformar equipos interdisciplinarios para la lograr un gesti\u00f3n exitosa en los clubes, por ello para este seminario contamos con el siguiente plantel de notables profesionales, a los cuales estamos sumamente agradecidos.<\/p>\n<p>Por orden de aparici\u00f3n durante la jornada:<\/p>\n<p><strong>Emiliano Torno<br \/>\n<\/strong>Abogado, Secretario de la direcci\u00f3n de Clubes de la Municipalidad de Rosario<\/p>\n<p><strong>Pablo Cat\u00e1n<br \/>\n<\/strong>Licenciado en Educaci\u00f3n F\u00edsica. Secretario de Deporte de la Provincia de Santa Fe<\/p>\n<p><img loading=\"lazy\" decoding=\"async\" class=\"alignnone size-full wp-image-401\" src=\"https:\/\/gerenciadeportiva.com.ar\/wp\/wp-content\/uploads\/2017\/11\/torno-catan.jpg\" alt=\"\" width=\"600\" height=\"400\" srcset=\"https:\/\/gerenciadeportiva.com.ar\/wp-content\/uploads\/2017\/11\/torno-catan.jpg 600w, https:\/\/gerenciadeportiva.com.ar\/wp-content\/uploads\/2017\/11\/torno-catan-300x200.jpg 300w\" sizes=\"auto, (max-width: 600px) 100vw, 600px\" \/><\/p>\n<p><strong>Germ\u00e1n Gerbaudo<br \/>\n<\/strong>Abogado, Secretario Acad\u00e9mico de Posgrado (Facultad de Derecho de la UNR)<br \/>\nProfesor Adjunto de Derecho de la Insolvencia.<br \/>\nEspecialista en Derecho del Deporte.<\/p>\n<p><img loading=\"lazy\" decoding=\"async\" class=\"alignnone size-full wp-image-402\" src=\"https:\/\/gerenciadeportiva.com.ar\/wp\/wp-content\/uploads\/2017\/11\/germanGerbaudo.jpg\" alt=\"\" width=\"600\" height=\"400\" srcset=\"https:\/\/gerenciadeportiva.com.ar\/wp-content\/uploads\/2017\/11\/germanGerbaudo.jpg 600w, https:\/\/gerenciadeportiva.com.ar\/wp-content\/uploads\/2017\/11\/germanGerbaudo-300x200.jpg 300w\" sizes=\"auto, (max-width: 600px) 100vw, 600px\" \/><\/p>\n<p><strong>Roque Stagnitta<br \/>\n<\/strong>Ingeniero Electr\u00f3nico (Universidad Nacional de Rosario)<br \/>\nM\u00e1ster Disciplina acad\u00e9mica Energ\u00edas Renovables, Eficiencia Energ\u00e9tica y Generaci\u00f3n Distribuida (Polit\u00e9cnico di Milano)<br \/>\nSecretaria de Energ\u00eda de la Provincia de Santa Fe.<\/p>\n<p><img loading=\"lazy\" decoding=\"async\" class=\"alignnone size-full wp-image-403\" src=\"https:\/\/gerenciadeportiva.com.ar\/wp\/wp-content\/uploads\/2017\/11\/stagnitta.jpg\" alt=\"\" width=\"600\" height=\"400\" srcset=\"https:\/\/gerenciadeportiva.com.ar\/wp-content\/uploads\/2017\/11\/stagnitta.jpg 600w, https:\/\/gerenciadeportiva.com.ar\/wp-content\/uploads\/2017\/11\/stagnitta-300x200.jpg 300w\" sizes=\"auto, (max-width: 600px) 100vw, 600px\" \/><\/p>\n<p><strong>Horacio Di Paolo<br \/>\n<\/strong>Contador P\u00fablico Nacional<br \/>\nPosgrado Especializaci\u00f3n en Sindicatura Concursal<br \/>\nPosgrado Especializaci\u00f3n en Tributaci\u00f3n<br \/>\nPosgrado Especializaci\u00f3n en Administraci\u00f3n y Contabilidad P\u00fablica<br \/>\nContador de Club N\u00e1utico Sportivo Avellaneda.<\/p>\n<p><img loading=\"lazy\" decoding=\"async\" class=\"alignnone size-full wp-image-404\" src=\"https:\/\/gerenciadeportiva.com.ar\/wp\/wp-content\/uploads\/2017\/11\/horacioDipaolo.jpg\" alt=\"\" width=\"600\" height=\"400\" srcset=\"https:\/\/gerenciadeportiva.com.ar\/wp-content\/uploads\/2017\/11\/horacioDipaolo.jpg 600w, https:\/\/gerenciadeportiva.com.ar\/wp-content\/uploads\/2017\/11\/horacioDipaolo-300x200.jpg 300w\" sizes=\"auto, (max-width: 600px) 100vw, 600px\" \/><\/p>\n<p><strong>Oscar Marconi<br \/>\n<\/strong>Licenciado en Educaci\u00f3n F\u00edsica.<br \/>\nEspecialidad: Planificaci\u00f3n y Organizaci\u00f3n de Instituciones Deportivas. Diplomado en Gerenciamiento y Marketing Deportivo.<br \/>\nDiplomado en Derecho del Deporte, \u00a0Administraci\u00f3n y Gesti\u00f3n de Entidades Deportivas.<br \/>\nEntrenador Nacional de Voleibol. Profesor Nacional de Tenis.<\/p>\n<p><img loading=\"lazy\" decoding=\"async\" class=\"alignnone size-full wp-image-407\" src=\"https:\/\/gerenciadeportiva.com.ar\/wp\/wp-content\/uploads\/2017\/11\/oscarMarconi.jpg\" alt=\"\" width=\"600\" height=\"400\" srcset=\"https:\/\/gerenciadeportiva.com.ar\/wp-content\/uploads\/2017\/11\/oscarMarconi.jpg 600w, https:\/\/gerenciadeportiva.com.ar\/wp-content\/uploads\/2017\/11\/oscarMarconi-300x200.jpg 300w\" sizes=\"auto, (max-width: 600px) 100vw, 600px\" \/><\/p>\n<p><strong>Luciano Alamanni<br \/>\n<\/strong>Entrenador Nacional de F\u00fatbol, Profesor en Educaci\u00f3n F\u00edsica, Empresario.<br \/>\nPresidente de Talleres R.P.B de Villa Gobernador G\u00e1lvez<\/p>\n<p><img loading=\"lazy\" decoding=\"async\" class=\"alignnone size-full wp-image-408\" src=\"https:\/\/gerenciadeportiva.com.ar\/wp\/wp-content\/uploads\/2017\/11\/lucianoAlamanni.jpg\" alt=\"\" width=\"600\" height=\"400\" srcset=\"https:\/\/gerenciadeportiva.com.ar\/wp-content\/uploads\/2017\/11\/lucianoAlamanni.jpg 600w, https:\/\/gerenciadeportiva.com.ar\/wp-content\/uploads\/2017\/11\/lucianoAlamanni-300x200.jpg 300w\" sizes=\"auto, (max-width: 600px) 100vw, 600px\" \/><\/p>\n<p><strong>Javier Vijande<br \/>\n<\/strong>Abogado de la Pontificia Universidad Cat\u00f3lica de Buenos Aires<br \/>\nPosgrado Derecho Managment CIES FIFA<br \/>\nGerente de Licencias de Clubes FIFA en AFA<\/p>\n<p><img loading=\"lazy\" decoding=\"async\" class=\"alignnone size-full wp-image-410\" src=\"https:\/\/gerenciadeportiva.com.ar\/wp\/wp-content\/uploads\/2017\/11\/javier_vijande.jpg\" alt=\"\" width=\"600\" height=\"400\" srcset=\"https:\/\/gerenciadeportiva.com.ar\/wp-content\/uploads\/2017\/11\/javier_vijande.jpg 600w, https:\/\/gerenciadeportiva.com.ar\/wp-content\/uploads\/2017\/11\/javier_vijande-300x200.jpg 300w\" sizes=\"auto, (max-width: 600px) 100vw, 600px\" \/><\/p>\n<p><strong>Fernando Acatto<br \/>\n<\/strong>Ingeniero Industrial. Administraci\u00f3n y Direcci\u00f3n de Empresas<br \/>\nGerente General de Newell`s Old Boys de Rosario.<\/p>\n<p><img loading=\"lazy\" decoding=\"async\" class=\"alignnone size-full wp-image-412\" src=\"https:\/\/gerenciadeportiva.com.ar\/wp\/wp-content\/uploads\/2017\/11\/fernandoAcatto.jpg\" alt=\"\" width=\"600\" height=\"400\" srcset=\"https:\/\/gerenciadeportiva.com.ar\/wp-content\/uploads\/2017\/11\/fernandoAcatto.jpg 600w, https:\/\/gerenciadeportiva.com.ar\/wp-content\/uploads\/2017\/11\/fernandoAcatto-300x200.jpg 300w\" sizes=\"auto, (max-width: 600px) 100vw, 600px\" \/><\/p>\n<p><strong>Federico Spinelli<br \/>\n<\/strong>Analista en Sistema Universitario, UTN.<br \/>\nProfesor de Computaci\u00f3n.<br \/>\nDiplomado en Gesti\u00f3n Deportiva.<br \/>\nCEO de IT SPORT GROUP, empresa dedicada a ofrecer soluciones tecnol\u00f3gicas al sector de la industria deportiva.<\/p>\n<p><img loading=\"lazy\" decoding=\"async\" class=\"alignnone size-full wp-image-411\" src=\"https:\/\/gerenciadeportiva.com.ar\/wp\/wp-content\/uploads\/2017\/11\/FedericoSpinelli.jpg\" alt=\"\" width=\"600\" height=\"400\" srcset=\"https:\/\/gerenciadeportiva.com.ar\/wp-content\/uploads\/2017\/11\/FedericoSpinelli.jpg 600w, https:\/\/gerenciadeportiva.com.ar\/wp-content\/uploads\/2017\/11\/FedericoSpinelli-300x200.jpg 300w\" sizes=\"auto, (max-width: 600px) 100vw, 600px\" \/><\/p>\n<p><strong>Rodolfo Dipollina<br \/>\n<\/strong>Secretario General de Rosario Central.<br \/>\nContador P\u00fablico Nacional de la Universidad Nacional de Rosario.<br \/>\nDirector Comercial de GEOAgro<\/p>\n<p><img loading=\"lazy\" decoding=\"async\" class=\"alignnone size-full wp-image-414\" src=\"https:\/\/gerenciadeportiva.com.ar\/wp\/wp-content\/uploads\/2017\/11\/RodolfoDipollina.jpg\" alt=\"\" width=\"600\" height=\"400\" srcset=\"https:\/\/gerenciadeportiva.com.ar\/wp-content\/uploads\/2017\/11\/RodolfoDipollina.jpg 600w, https:\/\/gerenciadeportiva.com.ar\/wp-content\/uploads\/2017\/11\/RodolfoDipollina-300x200.jpg 300w\" sizes=\"auto, (max-width: 600px) 100vw, 600px\" \/><\/p>\n<p><strong>Pere Solanellas ( Barcelona, Espa\u00f1a )<br \/>\n<\/strong>Empresario, consultor, asesor de empresas y clubes de futbol, gestor y conferencista tiene una experiencia de m\u00e1s de 15 a\u00f1os en Direcci\u00f3n General de empresas de servicios en concreto del sector del Deporte<br \/>\nEn el\u00a0 2009\u00a0 fue nombrado \u00abMejor Profesional en el sector deportivo\u201d.<\/p>\n<p><img loading=\"lazy\" decoding=\"async\" class=\"alignnone size-full wp-image-413\" src=\"https:\/\/gerenciadeportiva.com.ar\/wp\/wp-content\/uploads\/2017\/11\/PereSolanella.jpg\" alt=\"\" width=\"600\" height=\"400\" srcset=\"https:\/\/gerenciadeportiva.com.ar\/wp-content\/uploads\/2017\/11\/PereSolanella.jpg 600w, https:\/\/gerenciadeportiva.com.ar\/wp-content\/uploads\/2017\/11\/PereSolanella-300x200.jpg 300w\" sizes=\"auto, (max-width: 600px) 100vw, 600px\" \/><\/p>\n<p>Estas\u00a0 jornadas de aprendizaje y trabajo, permiten capacitar a nuestros dirigentes, que durante las horas de cursado tambi\u00e9n consiguen interactuar con sus pares e intercambiar ideas con los disertantes.<\/p>\n<p>La metodolog\u00eda de capacitaci\u00f3n de nuestros cursos es convertir el espacio educativo en un \u00e1rea de trabajo donde la interacci\u00f3n del disertante y el participante es la clave para el \u00e9xito del mismo, desde el 2013 recorremos el pa\u00eds es pos de fortalecer a los clubes.<\/p>\n<p>A todos los que participaron de esta jornada le decimos gracias, y en especial a todo el equipo humano de IT SPORT GROUP que asisti\u00f3 a Gerencia Deportiva durante toda la jornada.<\/p>\n<p>TEMARIO DICTADO<\/p>\n<p>COMO MEJORAR LOS INGRESOS<\/p>\n<p>EJERCER EL LIDERAZGO EN LAS ORGANIZACIONES<\/p>\n<p>TRABAJAR LA CREATIVIDAD Y LA INNOVACI\u00d3N<\/p>\n<p>CALIDAD EN NUESTRO D\u00cdA A D\u00cdA<\/p>\n<p>EL ROL DEL ESTADO EN LOS CLUBES<\/p>\n<p>SUBSIDIOS<\/p>\n<p>LA TASA DE LOS SERVICIOS<\/p>\n<p>AHORRAR ENERGIA<\/p>\n<p>FACTOR IMPOSITIVO<\/p>\n<p>CARGAS SOCIALES<\/p>\n<p>CODIGO CIVIL<\/p>\n<p>ADMINISTRAR UN CLUB<\/p>\n<p>SALIR DE LA QUIEBRA<\/p>\n<p>MEDIOS DE PAGOS ELECTRONICOS<\/p>\n<p>MARKETING DEPORTIVO<\/p>\n<p>DERECHOS DE FORMACI\u00d3N<\/p>\n<p>DERECHOS FEDERATIVOS<\/p>\n<p>Esperamos que esta jornada haya resultado de mucha utilidad para las instituciones y que estas puedan fortalecerse con el objeto social de poder ser un puente de integraci\u00f3n \u00a0entre las personas y la sociedad. Finalmente nuestro mayor deseo es que las generaciones venideras tengan la oportunidad de crecer en las instituciones centenarias que atravesaron nuestras vidas, las de nuestros padres y abuelos.<\/p>\n","protected":false},"excerpt":{"rendered":"<p>Esa fue la tem\u00e1tica del congreso internacional realizado por Gerencia Deportiva de Rosario, Argentina y la consultora WUICS de Barcelona,<\/p>\n","protected":false},"author":1,"featured_media":400,"comment_status":"closed","ping_status":"open","sticky":false,"template":"","format":"standard","meta":{"colormag_page_container_layout":"default_layout","colormag_page_sidebar_layout":"default_layout","footnotes":""},"categories":[4],"tags":[],"class_list":["post-399","post","type-post","status-publish","format-standard","has-post-thumbnail","hentry","category-capacitacion"],"_links":{"self":[{"href":"https:\/\/gerenciadeportiva.com.ar\/index.php\/wp-json\/wp\/v2\/posts\/399","targetHints":{"allow":["GET"]}}],"collection":[{"href":"https:\/\/gerenciadeportiva.com.ar\/index.php\/wp-json\/wp\/v2\/posts"}],"about":[{"href":"https:\/\/gerenciadeportiva.com.ar\/index.php\/wp-json\/wp\/v2\/types\/post"}],"author":[{"embeddable":true,"href":"https:\/\/gerenciadeportiva.com.ar\/index.php\/wp-json\/wp\/v2\/users\/1"}],"replies":[{"embeddable":true,"href":"https:\/\/gerenciadeportiva.com.ar\/index.php\/wp-json\/wp\/v2\/comments?post=399"}],"version-history":[{"count":3,"href":"https:\/\/gerenciadeportiva.com.ar\/index.php\/wp-json\/wp\/v2\/posts\/399\/revisions"}],"predecessor-version":[{"id":415,"href":"https:\/\/gerenciadeportiva.com.ar\/index.php\/wp-json\/wp\/v2\/posts\/399\/revisions\/415"}],"wp:featuredmedia":[{"embeddable":true,"href":"https:\/\/gerenciadeportiva.com.ar\/index.php\/wp-json\/wp\/v2\/media\/400"}],"wp:attachment":[{"href":"https:\/\/gerenciadeportiva.com.ar\/index.php\/wp-json\/wp\/v2\/media?parent=399"}],"wp:term":[{"taxonomy":"category","embeddable":true,"href":"https:\/\/gerenciadeportiva.com.ar\/index.php\/wp-json\/wp\/v2\/categories?post=399"},{"taxonomy":"post_tag","embeddable":true,"href":"https:\/\/gerenciadeportiva.com.ar\/index.php\/wp-json\/wp\/v2\/tags?post=399"}],"curies":[{"name":"wp","href":"https:\/\/api.w.org\/{rel}","templated":true}]}}